{"id":35,"date":"2005-11-10T00:51:47","date_gmt":"2005-11-09T22:51:47","guid":{"rendered":"http:\/\/thomas.is-ac.de\/blog\/?p=35"},"modified":"2005-11-10T00:52:40","modified_gmt":"2005-11-09T22:52:40","slug":"mehr-spannung","status":"publish","type":"post","link":"http:\/\/familie-gerding.net\/?p=35","title":{"rendered":"Mehr Spannung&#8230;"},"content":{"rendered":"<p>bringt es nicht, aber mehr Kapazit\u00e4t. Gestern ist in Aachen endlich mein neuer Akku &#8222;gelandet&#8220;. Nun warte ich gespannt aufs Wochenende, um herauszufinden wieviel zus\u00e4tzliche Laufzeit das Teil bringt. Es handelt sich bei meinem neuen Akku um den &#8222;Extended Life&#8220; Akku von IBM, der zus\u00e4tzlich zum normalen Akku unter den Laptop gemacht werden kann. (Wie auf den Bildern zu sehen)<\/p>\n<div align=\"center\"><img decoding=\"async\" src=\"http:\/\/familie-gerding.net\/pictures\/akku1.jpg\" alt=\"Extended Life Akku\"\/><\/div>\n<p>Leider ist mein normaler Akku n\u00e4mlich inzwischen etwas schw\u00e4chlich auf der Brust und h\u00e4lt im harten Uni-Gebrauch mit WLAN nur noch knapp \u00fcber zwei Stunden, also im Grunde gerade mal eine Vorlesung. Rein rechnerisch sollten nun weitere 3,5h drin sein *g* Genug um noch ein paar Vorlesungen mehr zu \u00fcberbr\u00fccken.<br \/>\nGespannt bin ich auch darauf wie ich mit dem neuen Neigungswinkel zurechtkomme, der sich durch das Unterschnallen des Akkus ergibt. Au\u00dferdem muss sich noch zeigen ob meine Notebookh\u00fclle dehnbar genug ist. Der neue Akku macht das Notebook ja nochmal ein gutes St\u00fcck dicker (also knapp unter der normalen Ziegelstein-Notebook Dicke *g*), da muss sich also noch zeigen in wie weit sich das auf die Transportf\u00e4higkeit auswirkt. Aber ihr k\u00f6nnt sicher sein, dass ich euch mit diesen unwichtigen Details auch weiterhin bel\u00e4stigen werde.<\/p>\n<div align=\"center\"><img decoding=\"async\" src=\"http:\/\/familie-gerding.net\/pictures\/akku2.jpg\"\/><\/div>\n<p>Vielleicht bekomme ihn aber dann doch nicht, denn zur Zeit hat Marek ihn ja. Daher kommen n\u00e4mlich die Fotos. Wahrscheinlich will er ihn am Ende gar nicht mehr hergeben.<\/p>\n<p>Sonst gibts aber nix neues hier im Siegerland. Helena versucht sich hier herauszureden indem sie vorgibt sich nicht mehr einloggen zu k\u00f6nnen, aber so leicht kommt sie nicht davon. Bald lest ihr sicherlich auch wieder irgendwas von ihr. Wobei sie eigentlich auch nicht viel erlebt. Die meiste Zeit hat sie langweilige Vorlesungen. So wie ihre Mathe Vorlesung in der sie tats\u00e4chlich lernt, dass die 4 auf dem Zahlstrahl links von der 5 liegt. \ud83d\ude00 Es geht doch nichts \u00fcber eine gr\u00fcndliche Hochschulausbildung, stimmts? \ud83d\ude09<\/p>\n","protected":false},"excerpt":{"rendered":"<p>bringt es nicht, aber mehr Kapazit\u00e4t. Gestern ist in Aachen endlich mein neuer Akku &#8222;gelandet&#8220;. Nun warte ich gespannt aufs Wochenende, um herauszufinden wieviel zus\u00e4tzliche Laufzeit das Teil bringt. Es handelt sich bei meinem neuen Akku um den &#8222;Extended Life&#8220; Akku von IBM, der zus\u00e4tzlich zum normalen Akku unter den Laptop gemacht werden kann. (Wie [&hellip;]<\/p>\n","protected":false},"author":1,"featured_media":0,"comment_status":"open","ping_status":"open","sticky":false,"template":"","format":"standard","meta":[],"categories":[],"tags":[],"_links":{"self":[{"href":"http:\/\/familie-gerding.net\/index.php?rest_route=\/wp\/v2\/posts\/35"}],"collection":[{"href":"http:\/\/familie-gerding.net\/index.php?rest_route=\/wp\/v2\/posts"}],"about":[{"href":"http:\/\/familie-gerding.net\/index.php?rest_route=\/wp\/v2\/types\/post"}],"author":[{"embeddable":true,"href":"http:\/\/familie-gerding.net\/index.php?rest_route=\/wp\/v2\/users\/1"}],"replies":[{"embeddable":true,"href":"http:\/\/familie-gerding.net\/index.php?rest_route=%2Fwp%2Fv2%2Fcomments&post=35"}],"version-history":[{"count":0,"href":"http:\/\/familie-gerding.net\/index.php?rest_route=\/wp\/v2\/posts\/35\/revisions"}],"wp:attachment":[{"href":"http:\/\/familie-gerding.net\/index.php?rest_route=%2Fwp%2Fv2%2Fmedia&parent=35"}],"wp:term":[{"taxonomy":"category","embeddable":true,"href":"http:\/\/familie-gerding.net\/index.php?rest_route=%2Fwp%2Fv2%2Fcategories&post=35"},{"taxonomy":"post_tag","embeddable":true,"href":"http:\/\/familie-gerding.net\/index.php?rest_route=%2Fwp%2Fv2%2Ftags&post=35"}],"curies":[{"name":"wp","href":"https:\/\/api.w.org\/{rel}","templated":true}]}}